{"id":20,"date":"2021-04-20T10:09:00","date_gmt":"2021-04-20T08:09:00","guid":{"rendered":"http:\/\/www.cdu-bobenheim.de\/?p=20"},"modified":"2021-04-22T11:34:51","modified_gmt":"2021-04-22T09:34:51","slug":"was-gibt-es-neues-im-dorf","status":"publish","type":"post","link":"http:\/\/www.cdu-bobenheim.de\/?p=20","title":{"rendered":"Bitte Vorsicht &#8211; Gemeinsam gehts besser!!"},"content":{"rendered":"\t\t<div data-elementor-type=\"wp-post\" data-elementor-id=\"20\" class=\"elementor elementor-20\">\n\t\t\t\t\t\t\t\t\t<section class=\"elementor-section elementor-top-section elementor-element elementor-element-3ea6d08 elementor-section-boxed elementor-section-height-default elementor-section-height-default\" data-id=\"3ea6d08\" data-element_type=\"section\">\n\t\t\t\t\t\t<div class=\"elementor-container elementor-column-gap-default\">\n\t\t\t\t\t<div class=\"elementor-column elementor-col-50 elementor-top-column elementor-element elementor-element-e312e89\" data-id=\"e312e89\" data-element_type=\"column\">\n\t\t\t<div class=\"elementor-widget-wrap elementor-element-populated\">\n\t\t\t\t\t\t\t\t<div class=\"elementor-element elementor-element-ed846e8 elementor-widget elementor-widget-text-editor\" data-id=\"ed846e8\" data-element_type=\"widget\" data-widget_type=\"text-editor.default\">\n\t\t\t\t<div class=\"elementor-widget-container\">\n\t\t\t\t\t\t\t<p><strong>Bitte Vorsicht &#8211; Gemeinsam gehts besser!! <br \/><\/strong><\/p>\t\t\t\t\t\t<\/div>\n\t\t\t\t<\/div>\n\t\t\t\t\t<\/div>\n\t\t<\/div>\n\t\t\t\t<div class=\"elementor-column elementor-col-50 elementor-top-column elementor-element elementor-element-569e60b\" data-id=\"569e60b\" data-element_type=\"column\">\n\t\t\t<div class=\"elementor-widget-wrap elementor-element-populated\">\n\t\t\t\t\t\t\t\t<div class=\"elementor-element elementor-element-b021730 elementor-widget elementor-widget-text-editor\" data-id=\"b021730\" data-element_type=\"widget\" data-widget_type=\"text-editor.default\">\n\t\t\t\t<div class=\"elementor-widget-container\">\n\t\t\t\t\t\t\t<p style=\"text-align: right;\"><em>Im April 2021<\/em><strong><br \/><\/strong><\/p>\t\t\t\t\t\t<\/div>\n\t\t\t\t<\/div>\n\t\t\t\t\t<\/div>\n\t\t<\/div>\n\t\t\t\t\t\t\t<\/div>\n\t\t<\/section>\n\t\t\t\t<section class=\"elementor-section elementor-top-section elementor-element elementor-element-8bf9747 elementor-section-boxed elementor-section-height-default elementor-section-height-default\" data-id=\"8bf9747\" data-element_type=\"section\">\n\t\t\t\t\t\t<div class=\"elementor-container elementor-column-gap-default\">\n\t\t\t\t\t<div class=\"elementor-column elementor-col-100 elementor-top-column elementor-element elementor-element-5315851\" data-id=\"5315851\" data-element_type=\"column\">\n\t\t\t<div class=\"elementor-widget-wrap elementor-element-populated\">\n\t\t\t\t\t\t\t\t<div class=\"elementor-element elementor-element-09bad2b elementor-widget elementor-widget-image\" data-id=\"09bad2b\" data-element_type=\"widget\" data-widget_type=\"image.default\">\n\t\t\t\t<div class=\"elementor-widget-container\">\n\t\t\t\t\t\t\t\t\t\t\t\t\t\t\t<img loading=\"lazy\" decoding=\"async\" width=\"605\" height=\"340\" src=\"http:\/\/www.cdu-bobenheim.de\/wp-content\/uploads\/2021\/04\/Trecker-Radfahrer.png\" class=\"attachment-large size-large wp-image-422\" alt=\"\" srcset=\"http:\/\/www.cdu-bobenheim.de\/wp-content\/uploads\/2021\/04\/Trecker-Radfahrer.png 605w, http:\/\/www.cdu-bobenheim.de\/wp-content\/uploads\/2021\/04\/Trecker-Radfahrer-300x169.png 300w\" sizes=\"(max-width: 605px) 100vw, 605px\" \/>\t\t\t\t\t\t\t\t\t\t\t\t\t\t\t<\/div>\n\t\t\t\t<\/div>\n\t\t\t\t\t<\/div>\n\t\t<\/div>\n\t\t\t\t\t\t\t<\/div>\n\t\t<\/section>\n\t\t\t\t<section class=\"elementor-section elementor-top-section elementor-element elementor-element-83c7aec elementor-section-boxed elementor-section-height-default elementor-section-height-default\" data-id=\"83c7aec\" data-element_type=\"section\">\n\t\t\t\t\t\t<div class=\"elementor-container elementor-column-gap-default\">\n\t\t\t\t\t<div class=\"elementor-column elementor-col-100 elementor-top-column elementor-element elementor-element-3b23c74\" data-id=\"3b23c74\" data-element_type=\"column\">\n\t\t\t<div class=\"elementor-widget-wrap elementor-element-populated\">\n\t\t\t\t\t\t\t\t<div class=\"elementor-element elementor-element-527eff2 elementor-drop-cap-yes elementor-drop-cap-view-default elementor-widget elementor-widget-text-editor\" data-id=\"527eff2\" data-element_type=\"widget\" data-settings=\"{&quot;drop_cap&quot;:&quot;yes&quot;}\" data-widget_type=\"text-editor.default\">\n\t\t\t\t<div class=\"elementor-widget-container\">\n\t\t\t\t\t\t\t<p>Solche Schilder werden k\u00fcnftig auch auf den Wirtschaftswegen rund um Bobenheim am Berg zu sehen sein, aufgestellt und finanziert von der Bauern- und Winzerschaft. Schade, dass es \u00fcberhaupt n\u00f6tig ist. Sollte, worum darauf gebeten wird, eigentlich eine Selbstverst\u00e4ndlichkeit sein: dass die kleineren und wendigeren Radfahrer (und Wanderer und Jogger) den schwerf\u00e4lligeren landwirtschaftlichen Fahrzeugen Vorfahrt gew\u00e4hren und ihnen nicht ihrer Arbeit erschweren. Gegenseitige R\u00fccksichtnahme macht nicht nur die Wege breit, wie es auf \u00e4hnlichen Schildern in anderen Gemarkungen hei\u00dft, sondern auch die Stimmung in den Weinbergen deutlich besser. Und wem das als Motiv nicht reicht, f\u00fcr den tun es vielleicht ganz egoistische Beweggr\u00fcnde \u2013 sind doch Winzer und die Freizeitsportler durchaus aufeinander angewiesen. W\u00e4hrend die einen ihren treuen Stamm- oder vielleicht auch potentiellen Neukunden begegnen, machen die anderen den Weg frei f\u00fcr einen weiteren Jahrgang Pf\u00e4lzer Wein, ohne den die Einkehr vor Ort maximal halb so sch\u00f6n w\u00e4ren. Denn dass der durstige Radler in der Pause vor dem Radler sitzt statt vor der Rieslingschorle, das geht in der Pfalz so gar nicht. Bleibt dar\u00fcber hinaus zu hoffen, dass ein weiteres Dauer\u00e4rgernis, das gleicherma\u00dfen widerlich an Winzers wie an Wanderers Schuhen klebt, auch ohne schriftliche Aufforderung ein Ende findet und irgendwann alle Hundebesitzer auch ohne &#8222;Nimm-den Haufen-mit-nach-Hause&#8220;-Schild verstehen, dass weder die Wirtschaftswege noch die Rebzeilen Hundeklos sind. Sonst haben wir bald den Schilderwald im Rebenmeer.<\/p>\t\t\t\t\t\t<\/div>\n\t\t\t\t<\/div>\n\t\t\t\t\t<\/div>\n\t\t<\/div>\n\t\t\t\t\t\t\t<\/div>\n\t\t<\/section>\n\t\t\t\t\t\t\t<\/div>\n\t\t","protected":false},"excerpt":{"rendered":"<p>Bitte Vorsicht &#8211; Gemeinsam gehts besser!! Im April 2021 Solche Schilder werden k\u00fcnftig auch auf den Wirtschaftswegen rund um Bobenheim am Berg zu sehen sein, aufgestellt und finanziert von der Bauern- und Winzerschaft. Schade, dass es \u00fcberhaupt n\u00f6tig ist. Sollte, worum darauf gebeten wird, eigentlich eine Selbstverst\u00e4ndlichkeit sein: dass die kleineren und wendigeren Radfahrer (und [&hellip;]<\/p>\n","protected":false},"author":1,"featured_media":0,"comment_status":"closed","ping_status":"closed","sticky":false,"template":"","format":"standard","meta":{"footnotes":""},"categories":[5],"tags":[],"_links":{"self":[{"href":"http:\/\/www.cdu-bobenheim.de\/index.php?rest_route=\/wp\/v2\/posts\/20"}],"collection":[{"href":"http:\/\/www.cdu-bobenheim.de\/index.php?rest_route=\/wp\/v2\/posts"}],"about":[{"href":"http:\/\/www.cdu-bobenheim.de\/index.php?rest_route=\/wp\/v2\/types\/post"}],"author":[{"embeddable":true,"href":"http:\/\/www.cdu-bobenheim.de\/index.php?rest_route=\/wp\/v2\/users\/1"}],"replies":[{"embeddable":true,"href":"http:\/\/www.cdu-bobenheim.de\/index.php?rest_route=%2Fwp%2Fv2%2Fcomments&post=20"}],"version-history":[{"count":20,"href":"http:\/\/www.cdu-bobenheim.de\/index.php?rest_route=\/wp\/v2\/posts\/20\/revisions"}],"predecessor-version":[{"id":432,"href":"http:\/\/www.cdu-bobenheim.de\/index.php?rest_route=\/wp\/v2\/posts\/20\/revisions\/432"}],"wp:attachment":[{"href":"http:\/\/www.cdu-bobenheim.de\/index.php?rest_route=%2Fwp%2Fv2%2Fmedia&parent=20"}],"wp:term":[{"taxonomy":"category","embeddable":true,"href":"http:\/\/www.cdu-bobenheim.de\/index.php?rest_route=%2Fwp%2Fv2%2Fcategories&post=20"},{"taxonomy":"post_tag","embeddable":true,"href":"http:\/\/www.cdu-bobenheim.de\/index.php?rest_route=%2Fwp%2Fv2%2Ftags&post=20"}],"curies":[{"name":"wp","href":"https:\/\/api.w.org\/{rel}","templated":true}]}}